{"id":499,"date":"2025-08-27T23:40:32","date_gmt":"2025-08-27T21:40:32","guid":{"rendered":"https:\/\/dshark.pl\/krav\/?p=499"},"modified":"2025-10-05T00:05:40","modified_gmt":"2025-10-04T22:05:40","slug":"dariusz-walus-w-filmie-ostatni-samotnik","status":"publish","type":"post","link":"https:\/\/dshark.pl\/krav\/dariusz-walus-w-filmie-ostatni-samotnik\/","title":{"rendered":"Dariusz Walu\u015b w\u00a0filmie \u201eOstatni Samotnik\u201d"},"content":{"rendered":"\n<p class=\"wp-block-paragraph\">Ruszy\u0142y zdj\u0119cia do filmu pe\u0142nometra\u017cowego \u201eOSTATNI SAMOTNIK\u201d, na planie kt\u00f3rego Dariusz Walu\u015b wciela si\u0119 posta\u0107 Dow\u00f3dcy Najemnik\u00f3w.<\/p>\n\n\n\n<p class=\"wp-block-paragraph\"><br>Fabu\u0142a osadzona jest w&nbsp;strefie Zony &#8211; postapokaliptycznym \u015bwiecie S.T.A.L.K.E.R.-a braci Strugackich.<\/p>\n\n\n\n<p class=\"wp-block-paragraph\"><br>Zdj\u0119cia kr\u0119cone s\u0105 m.in. w\u00a0Czarnobylu, a\u00a0realizacj\u0105 ca\u0142ego projektu zajmuje si\u0119\u00a0<a href=\"https:\/\/www.facebook.com\/XBestCinema\/\" target=\"_blank\" rel=\"noreferrer noopener nofollow\">X-BestCinema<\/a>. Premiera planowana na 2017 rok.<\/p>\n","protected":false},"excerpt":{"rendered":"<p>Ruszy\u0142y zdj\u0119cia do filmu pe\u0142nometra\u017cowego \u201eOSTATNI SAMOTNIK\u201d, na planie kt\u00f3rego Dariusz Walu\u015b wciela si\u0119 posta\u0107 Dow\u00f3dcy Najemnik\u00f3w. Fabu\u0142a osadzona jest w&nbsp;strefie Zony &#8211; postapokaliptycznym \u015bwiecie S.T.A.L.K.E.R.-a braci Strugackich. Zdj\u0119cia kr\u0119cone s\u0105 m.in. w\u00a0Czarnobylu, a\u00a0realizacj\u0105 ca\u0142ego projektu zajmuje si\u0119\u00a0X-BestCinema. Premiera planowana na 2017 rok.<\/p>\n","protected":false},"author":1,"featured_media":501,"comment_status":"open","ping_status":"open","sticky":false,"template":"","format":"standard","meta":{"footnotes":""},"categories":[8],"tags":[],"class_list":["post-499","post","type-post","status-publish","format-standard","has-post-thumbnail","hentry","category-aktualnosci"],"_links":{"self":[{"href":"https:\/\/dshark.pl\/krav\/wp-json\/wp\/v2\/posts\/499","targetHints":{"allow":["GET"]}}],"collection":[{"href":"https:\/\/dshark.pl\/krav\/wp-json\/wp\/v2\/posts"}],"about":[{"href":"https:\/\/dshark.pl\/krav\/wp-json\/wp\/v2\/types\/post"}],"author":[{"embeddable":true,"href":"https:\/\/dshark.pl\/krav\/wp-json\/wp\/v2\/users\/1"}],"replies":[{"embeddable":true,"href":"https:\/\/dshark.pl\/krav\/wp-json\/wp\/v2\/comments?post=499"}],"version-history":[{"count":2,"href":"https:\/\/dshark.pl\/krav\/wp-json\/wp\/v2\/posts\/499\/revisions"}],"predecessor-version":[{"id":518,"href":"https:\/\/dshark.pl\/krav\/wp-json\/wp\/v2\/posts\/499\/revisions\/518"}],"wp:featuredmedia":[{"embeddable":true,"href":"https:\/\/dshark.pl\/krav\/wp-json\/wp\/v2\/media\/501"}],"wp:attachment":[{"href":"https:\/\/dshark.pl\/krav\/wp-json\/wp\/v2\/media?parent=499"}],"wp:term":[{"taxonomy":"category","embeddable":true,"href":"https:\/\/dshark.pl\/krav\/wp-json\/wp\/v2\/categories?post=499"},{"taxonomy":"post_tag","embeddable":true,"href":"https:\/\/dshark.pl\/krav\/wp-json\/wp\/v2\/tags?post=499"}],"curies":[{"name":"wp","href":"https:\/\/api.w.org\/{rel}","templated":true}]}}