{"id":411,"date":"2025-09-18T13:30:38","date_gmt":"2025-09-18T11:30:38","guid":{"rendered":"https:\/\/dshark.pl\/krav\/?p=411"},"modified":"2025-09-29T13:33:16","modified_gmt":"2025-09-29T11:33:16","slug":"xvii-miedzynarodowy-oboz-szkoleniowy-krav-maga-szklarska-poreba-2020","status":"publish","type":"post","link":"https:\/\/dshark.pl\/krav\/xvii-miedzynarodowy-oboz-szkoleniowy-krav-maga-szklarska-poreba-2020\/","title":{"rendered":"XVII Mi\u0119dzynarodowy Ob\u00f3z Szkoleniowy Krav Maga &#8211; Szklarska Por\u0119ba 2020"},"content":{"rendered":"\n<p class=\"wp-block-paragraph\">Po raz si\u00f3dmy w&nbsp;historii oboz\u00f3w FCF Krav Maga, b\u0119dzie to wsp\u00f3lny ob\u00f3z z&nbsp;kraverami z&nbsp;Anglii reprezentuj\u0105cymi klub Krav-Maga Midlands. Zapowiada si\u0119 wi\u0119c bardzo ciekawe wydarzenie sportowe z&nbsp;nawi\u0105zaniem nowych i&nbsp; podtrzymaniem starych znajomo\u015bci.<\/p>\n\n\n\n<p class=\"wp-block-paragraph\">Ob\u00f3z b\u0119dzie prowadzi\u0107 dw\u00f3ch Expert\u00f3w Krav-Maga: Dariusz Walu\u015b -FCF Krav-Maga oraz Bartosz \u017bukowski &#8211; KMG Krav-Maga, w\u00a0asy\u015bcie innych instruktor\u00f3w.<\/p>\n\n\n\n<p class=\"wp-block-paragraph\">Termin obozu: 08.07-12.07.2020<\/p>\n\n\n\n<p class=\"wp-block-paragraph\">W\u00a0planach:<\/p>\n\n\n\n<ul class=\"wp-block-list\">\n<li>zaj\u0119cia Krav-Maga , dwa treningi dziennie po dwie godziny ka\u017cdy,<\/li>\n\n\n\n<li>w\u00a0programie rozbudowany materia\u0142, w\u0142\u0105cznie z\u00a0materia\u0142em Expert,<\/li>\n\n\n\n<li>ka\u017cdy trening w\u00a0innym miejscu, tak\u017ce wyj\u015bcie i\u00a0trening na Szrenicy,<\/li>\n\n\n\n<li>treningi 2 razy dziennie minimum<br>wyjazd na strzelnic\u0119 (opcjonalnie),<\/li>\n\n\n\n<li>wyj\u015bcie na Szrenic\u0119 + zjazd (op\u0142ata przej\u015bcia przez park i\u00a0zjazd &#8211; wliczona w\u00a0cen\u0119)<br>egzaminy na wy\u017csze stopnie szkoleniowe Krav-Maga,<\/li>\n\n\n\n<li>dla wytrwa\u0142ych &#8211; dyplom uko\u0144czenia obozu,- zakwaterowanie w\u00a0pokojach 1,2,3,4 osobowych z\u00a0pe\u0142nym w\u0119z\u0142em sanitarnym, TV,<\/li>\n\n\n\n<li>w\u00a0cenie wy\u017cywienie: \u015bniadanie + obiadokolacja,<\/li>\n\n\n\n<li>bezp\u0142atne korzystanie z\u00a0sauny w\u00a0wybranych godzinach,<\/li>\n\n\n\n<li>o\u015brodek po\u0142o\u017cony jest 150m od centrum miasta,<\/li>\n<\/ul>\n\n\n\n<p class=\"wp-block-paragraph\">Koszt obozu:<\/p>\n\n\n\n<ul class=\"wp-block-list\">\n<li>wp\u0142ata do dnia 14.06.20 &#8211;\u00a0690z\u0142- wp\u0142ata do dnia 28.06.20 &#8211;\u00a0790z\u0142<\/li>\n\n\n\n<li>wp\u0142ata po dniu 28.06.20 &#8211;\u00a0890z\u0142<\/li>\n<\/ul>\n\n\n\n<p class=\"wp-block-paragraph\">Miejsce obozu: <\/p>\n\n\n\n<p class=\"wp-block-paragraph\">Szklarska Por\u0119ba &#8211; O\u015brodek Wypoczynkowy \u201eSudety\u201d ul. Krasickiego 10<br><\/p>\n\n\n\n<p class=\"wp-block-paragraph\">Spotkanie organizacyjne, rejestracja uczestnik\u00f3w w\u00a0dn. 08.07 (w tym dniu nie trenujemy)<\/p>\n\n\n\n<p class=\"wp-block-paragraph\">Na uczestnik\u00f3w b\u0119dzie oczekiwa\u0142 Tomasz Zegzu\u0142a, z\u00a0kt\u00f3rym nale\u017cy skontaktowa\u0107 si\u0119 po przybyciu na miejsce, tel. 692335077Pierwszy trening &#8211; 09.07 godz. 10:00<br>Ostatni trening &#8211; 12.07 godz. 09:00Rejestracja miejsc i\u00a0zapisy:\u00a0Tomasz Zegzu\u0142a, email: tomaszzegzula@gmail.com\u00a0, tel.\u00a0692-335-077<\/p>\n","protected":false},"excerpt":{"rendered":"<p>Po raz si\u00f3dmy w&nbsp;historii oboz\u00f3w FCF Krav Maga, b\u0119dzie to wsp\u00f3lny ob\u00f3z z&nbsp;kraverami z&nbsp;Anglii reprezentuj\u0105cymi klub Krav-Maga Midlands. Zapowiada si\u0119 wi\u0119c bardzo ciekawe wydarzenie sportowe z&nbsp;nawi\u0105zaniem nowych i&nbsp; podtrzymaniem starych znajomo\u015bci. Ob\u00f3z b\u0119dzie prowadzi\u0107 dw\u00f3ch Expert\u00f3w Krav-Maga: Dariusz Walu\u015b -FCF Krav-Maga oraz Bartosz \u017bukowski &#8211; KMG Krav-Maga, w\u00a0asy\u015bcie innych instruktor\u00f3w. Termin obozu: 08.07-12.07.2020 W\u00a0planach: Koszt [&hellip;]<\/p>\n","protected":false},"author":1,"featured_media":412,"comment_status":"open","ping_status":"open","sticky":false,"template":"","format":"standard","meta":{"footnotes":""},"categories":[8],"tags":[],"class_list":["post-411","post","type-post","status-publish","format-standard","has-post-thumbnail","hentry","category-aktualnosci"],"_links":{"self":[{"href":"https:\/\/dshark.pl\/krav\/wp-json\/wp\/v2\/posts\/411","targetHints":{"allow":["GET"]}}],"collection":[{"href":"https:\/\/dshark.pl\/krav\/wp-json\/wp\/v2\/posts"}],"about":[{"href":"https:\/\/dshark.pl\/krav\/wp-json\/wp\/v2\/types\/post"}],"author":[{"embeddable":true,"href":"https:\/\/dshark.pl\/krav\/wp-json\/wp\/v2\/users\/1"}],"replies":[{"embeddable":true,"href":"https:\/\/dshark.pl\/krav\/wp-json\/wp\/v2\/comments?post=411"}],"version-history":[{"count":1,"href":"https:\/\/dshark.pl\/krav\/wp-json\/wp\/v2\/posts\/411\/revisions"}],"predecessor-version":[{"id":413,"href":"https:\/\/dshark.pl\/krav\/wp-json\/wp\/v2\/posts\/411\/revisions\/413"}],"wp:featuredmedia":[{"embeddable":true,"href":"https:\/\/dshark.pl\/krav\/wp-json\/wp\/v2\/media\/412"}],"wp:attachment":[{"href":"https:\/\/dshark.pl\/krav\/wp-json\/wp\/v2\/media?parent=411"}],"wp:term":[{"taxonomy":"category","embeddable":true,"href":"https:\/\/dshark.pl\/krav\/wp-json\/wp\/v2\/categories?post=411"},{"taxonomy":"post_tag","embeddable":true,"href":"https:\/\/dshark.pl\/krav\/wp-json\/wp\/v2\/tags?post=411"}],"curies":[{"name":"wp","href":"https:\/\/api.w.org\/{rel}","templated":true}]}}