{"id":408,"date":"2025-09-20T13:27:40","date_gmt":"2025-09-20T11:27:40","guid":{"rendered":"https:\/\/dshark.pl\/krav\/?p=408"},"modified":"2025-09-29T13:30:31","modified_gmt":"2025-09-29T11:30:31","slug":"fcf-krav-maga-international-summer-camp-2021","status":"publish","type":"post","link":"https:\/\/dshark.pl\/krav\/fcf-krav-maga-international-summer-camp-2021\/","title":{"rendered":"FCF Krav Maga International Summer Camp 2021"},"content":{"rendered":"\n<p class=\"wp-block-paragraph\"><strong><strong>FCF Krav-Maga Summer Camp 2021 &#8211; 07.07-11.07.2021 Szklarska Por\u0119baInstruktor &#8211; Dariusz Walu\u015b<br><br>W\u00a0planach:- zaj\u0119cia Krav-Maga , dwa treningi dziennie po dwie godziny ka\u017cdy,<br>&#8211; w\u00a0programie rozbudowany materia\u0142, w\u0142\u0105cznie z\u00a0materia\u0142em Expert,- ka\u017cdy trening w\u00a0innym miejscu, tak\u017ce wyj\u015bcie i\u00a0trening na Szrenicy,- treningi 2 razy dziennie minimum,<\/strong><\/strong><\/p>\n\n\n\n<ul class=\"wp-block-list\">\n<li>wyj\u015bcie na Szrenic\u0119 + zjazd (op\u0142ata przej\u015bcia przez park i\u00a0zjazd <\/li>\n\n\n\n<li>wliczona w\u00a0cen\u0119),- egzaminy na wy\u017csze stopnie szkoleniowe Krav-Maga,- dla wytrwa\u0142ych<\/li>\n\n\n\n<li>dyplom uko\u0144czenia obozu,- zakwaterowanie w\u00a0pokojach 1,2,3,4 osobowych z\u00a0pe\u0142nym w\u0119z\u0142em sanitarnym, TV,<\/li>\n\n\n\n<li>w\u00a0cenie wy\u017cywienie: \u015bniadanie + obiadokolacja,<\/li>\n\n\n\n<li>bezp\u0142atne korzystanie z\u00a0sauny w\u00a0wybranych godzinach,<\/li>\n\n\n\n<li>o\u015brodek po\u0142o\u017cony jest 150m od centrum miasta,<\/li>\n<\/ul>\n\n\n\n<p class=\"wp-block-paragraph\">Koszt obozu:<\/p>\n\n\n\n<ul class=\"wp-block-list\">\n<li>wp\u0142ata do dnia 20.06.21 &#8211;\u00a0790z\u0142<\/li>\n\n\n\n<li>wp\u0142ata do dnia 27.06.21 &#8211;\u00a0890z\u0142<\/li>\n\n\n\n<li>wp\u0142ata po dniu 27.06.21 &#8211;\u00a0990z\u0142<\/li>\n<\/ul>\n\n\n\n<p class=\"wp-block-paragraph\"><strong><strong>Miejsce obozu: Szklarska Por\u0119ba &#8211; O\u015brodek Wypoczynkowy \u201eSudety\u201d ul. Krasickiego 10<\/strong><\/strong><\/p>\n\n\n\n<p class=\"wp-block-paragraph\"><strong><strong><br>Spotkanie organizacyjne, rejestracja uczestnik\u00f3w w\u00a0dn. 07.07 (w tym dniu nie trenujemy)<\/strong><\/strong><\/p>\n\n\n\n<p class=\"wp-block-paragraph\">Na uczestnik\u00f3w b\u0119dzie oczekiwa\u0142 Tomasz Zegzu\u0142a, z\u00a0kt\u00f3rym nale\u017cy skontaktowa\u0107 si\u0119 po przybyciu na miejsce, tel. 692-335-077<\/p>\n\n\n\n<p class=\"wp-block-paragraph\"><strong><strong>Pierwszy trening &#8211; 08.07 godz. 10:00<br>Ostatni trening &#8211; 11.07 godz. 09:00<\/strong><\/strong><\/p>\n\n\n\n<p class=\"wp-block-paragraph\">Rejestracja miejsc i\u00a0zapisy:\u00a0Tomasz Zegzu\u0142a, email: tomaszzegzula@gmail.com\u00a0, tel.\u00a0692-335-077<\/p>\n","protected":false},"excerpt":{"rendered":"<p>FCF Krav-Maga Summer Camp 2021 &#8211; 07.07-11.07.2021 Szklarska Por\u0119baInstruktor &#8211; Dariusz Walu\u015b W\u00a0planach:- zaj\u0119cia Krav-Maga , dwa treningi dziennie po dwie godziny ka\u017cdy,&#8211; w\u00a0programie rozbudowany materia\u0142, w\u0142\u0105cznie z\u00a0materia\u0142em Expert,- ka\u017cdy trening w\u00a0innym miejscu, tak\u017ce wyj\u015bcie i\u00a0trening na Szrenicy,- treningi 2 razy dziennie minimum, Koszt obozu: Miejsce obozu: Szklarska Por\u0119ba &#8211; O\u015brodek Wypoczynkowy \u201eSudety\u201d ul. Krasickiego [&hellip;]<\/p>\n","protected":false},"author":1,"featured_media":409,"comment_status":"open","ping_status":"open","sticky":false,"template":"","format":"standard","meta":{"footnotes":""},"categories":[8],"tags":[],"class_list":["post-408","post","type-post","status-publish","format-standard","has-post-thumbnail","hentry","category-aktualnosci"],"_links":{"self":[{"href":"https:\/\/dshark.pl\/krav\/wp-json\/wp\/v2\/posts\/408","targetHints":{"allow":["GET"]}}],"collection":[{"href":"https:\/\/dshark.pl\/krav\/wp-json\/wp\/v2\/posts"}],"about":[{"href":"https:\/\/dshark.pl\/krav\/wp-json\/wp\/v2\/types\/post"}],"author":[{"embeddable":true,"href":"https:\/\/dshark.pl\/krav\/wp-json\/wp\/v2\/users\/1"}],"replies":[{"embeddable":true,"href":"https:\/\/dshark.pl\/krav\/wp-json\/wp\/v2\/comments?post=408"}],"version-history":[{"count":1,"href":"https:\/\/dshark.pl\/krav\/wp-json\/wp\/v2\/posts\/408\/revisions"}],"predecessor-version":[{"id":410,"href":"https:\/\/dshark.pl\/krav\/wp-json\/wp\/v2\/posts\/408\/revisions\/410"}],"wp:featuredmedia":[{"embeddable":true,"href":"https:\/\/dshark.pl\/krav\/wp-json\/wp\/v2\/media\/409"}],"wp:attachment":[{"href":"https:\/\/dshark.pl\/krav\/wp-json\/wp\/v2\/media?parent=408"}],"wp:term":[{"taxonomy":"category","embeddable":true,"href":"https:\/\/dshark.pl\/krav\/wp-json\/wp\/v2\/categories?post=408"},{"taxonomy":"post_tag","embeddable":true,"href":"https:\/\/dshark.pl\/krav\/wp-json\/wp\/v2\/tags?post=408"}],"curies":[{"name":"wp","href":"https:\/\/api.w.org\/{rel}","templated":true}]}}