{"id":404,"date":"2025-09-22T13:22:32","date_gmt":"2025-09-22T11:22:32","guid":{"rendered":"https:\/\/dshark.pl\/krav\/?p=404"},"modified":"2025-09-29T13:26:02","modified_gmt":"2025-09-29T11:26:02","slug":"fcf-krav-maga-summer-camp-2023","status":"publish","type":"post","link":"https:\/\/dshark.pl\/krav\/fcf-krav-maga-summer-camp-2023\/","title":{"rendered":"FCF Krav Maga Summer Camp 2023"},"content":{"rendered":"\n<p class=\"wp-block-paragraph\">FCF Krav-Maga Summer Camp 2023 &#8211;&nbsp;<strong>KO\u0141ATKA<\/strong>&nbsp;(42km od Zielonej G\u00f3ry)<\/p>\n\n\n\n<p class=\"wp-block-paragraph\"><strong>Termin: 21.06 &#8211; 25.06.2023<\/strong><\/p>\n\n\n\n<p class=\"wp-block-paragraph\"><strong>Instruktor:&nbsp; Dariusz Walu\u015b<\/strong><\/p>\n\n\n\n<p class=\"wp-block-paragraph\">W&nbsp;planach:- zaj\u0119cia Krav-Maga , minimum dwa treningi dziennie po dwie godziny ka\u017cdy,<\/p>\n\n\n\n<ul class=\"wp-block-list\">\n<li>ob\u00f3z przeznaczony dla os\u00f3b pocz\u0105tkuj\u0105cych i\u00a0zaawansowanych,<br>w\u00a0programie rozbudowany materia\u0142, w\u0142\u0105cznie z\u00a0materia\u0142em Expert,<\/li>\n\n\n\n<li>ka\u017cdy trening w\u00a0innym miejscu, tak\u017ce na przystosowanej hali z\u00a0matami,<\/li>\n\n\n\n<li>treningi 2 razy dziennie minimum,<\/li>\n\n\n\n<li>egzaminy na wy\u017csze stopnie szkoleniowe Krav-Maga,<\/li>\n\n\n\n<li>dla wytrwa\u0142ych &#8211;\u00a0<strong>dyplom uko\u0144czenia obozu<\/strong>,<\/li>\n\n\n\n<li>zakwaterowanie w\u00a0domkach 4, 6, 8\u00a0 osobowych z\u00a0pe\u0142nym w\u0119z\u0142em sanitarnym, aneksem kuchennym TV,<\/li>\n\n\n\n<li>w\u00a0cenie pe\u0142ne wy\u017cywienie:<strong>\u00a0\u015bniadanie + obiad + kolacja,<\/strong><\/li>\n\n\n\n<li>Kompleks Wypoczynkowy w\u00a0Ko\u0142atce po\u0142o\u017cony jest bezpo\u015brednio nad Jeziorem B\u0142eszno, w\u00a0otoczeniu lubuskich bor\u00f3w sosnowych. Przepi\u0119kna dolina rzeki B\u00f3br.<\/li>\n<\/ul>\n\n\n\n<p class=\"wp-block-paragraph\"><strong>Adres:\u00a0Kompleks Wypoczynkowy w\u00a0Ko\u0142atce<\/strong>Ko\u0142atka 7 | 66-627 Bobrowice | woj. lubuskieNa terenie Kompleksu Wypoczynkowego w\u00a0Ko\u0142atce znajduj\u0105 si\u0119:<\/p>\n\n\n\n<ul class=\"wp-block-list\">\n<li>nowoczesna sala sportowo &#8211;\u00a0rekreacyjna z\u00a0tatami o\u00a0powierzchni ok. 280 m\u00b2<\/li>\n\n\n\n<li>klimatyzowana sala restauracyjno-sto\u0142\u00f3wkowa dla oko\u0142o 130 os\u00f3b<\/li>\n\n\n\n<li>klimatyzowana sala konferencyjna dla blisko 40 os\u00f3b<\/li>\n\n\n\n<li>sala telewizyjna<\/li>\n\n\n\n<li>trawiaste i\u00a0piaszczyste boiska do siatk\u00f3wki pla\u017cowej<\/li>\n\n\n\n<li>mini boisko do pi\u0142ki no\u017cnej<\/li>\n\n\n\n<li>w\u0142asna, trawiasta i\u00a0piaszczysta, pla\u017ca<\/li>\n\n\n\n<li>wyznaczone miejsce do k\u0105pieli wraz z\u00a0pomostami<\/li>\n\n\n\n<li>samoobs\u0142ugowy park linowy<\/li>\n\n\n\n<li>tyrolka\u00a0\u2013\u00a0zjazd linowy<\/li>\n\n\n\n<li>st\u00f3\u0142 do tenisa sto\u0142owego<\/li>\n\n\n\n<li>liczne place zabaw<\/li>\n\n\n\n<li>dwa wydzielone miejsca na ognisko<\/li>\n\n\n\n<li>dost\u0119p do sieci Wi-Fi<\/li>\n<\/ul>\n\n\n\n<p class=\"wp-block-paragraph\"><br>Dodatkowo p\u0142atne atrakcje znajduj\u0105ce si\u0119 na terenie o\u015brodka:<\/p>\n\n\n\n<ul class=\"wp-block-list\">\n<li>wypo\u017cyczalnia sprz\u0119tu p\u0142ywaj\u0105cego: kajaki, rowery wodne, \u0142odzie wios\u0142owe<\/li>\n\n\n\n<li>kula zorbingowa<\/li>\n\n\n\n<li>stanowisko alpinistyczne do budowania wie\u017cy ze skrzynek<\/li>\n\n\n\n<li>cymbergaj<\/li>\n\n\n\n<li>st\u00f3\u0142 bilardowy<\/li>\n\n\n\n<li>sklepik z\u00a0napojami i\u00a0s\u0142odyczami oraz pami\u0105tkowym r\u0119kodzie\u0142e<\/li>\n<\/ul>\n\n\n\n<p class=\"wp-block-paragraph\">Koszt obozu:- przedp\u0142ata do dnia 31.03.23 &#8211; 1050z\u0142 (przedp\u0142ata 400z\u0142)- wp\u0142ata do dnia\u00a0 30.04.23 &#8211; 1150z\u0142- wp\u0142ata do dnia 01.06.23 &#8211;\u00a01250z\u0142- wp\u0142ata po dniu 01.06.23 &#8211;\u00a01300z\u0142<\/p>\n\n\n\n<p class=\"wp-block-paragraph\">Spotkanie organizacyjne, rejestracja uczestnik\u00f3w w\u00a0dn. 21.06.2023 OD GODZ. 16:00<\/p>\n\n\n\n<p class=\"wp-block-paragraph\">Na uczestnik\u00f3w b\u0119dzie oczekiwa\u0142 Tomasz Zegzu\u0142a, z\u00a0kt\u00f3rym nale\u017cy skontaktowa\u0107 si\u0119 po przybyciu na miejsce,\u00a0tel. 692-335-077<\/p>\n\n\n\n<p class=\"wp-block-paragraph\">Pierwszy trening &#8211; 21.06 godz. 18:00<\/p>\n\n\n\n<p class=\"wp-block-paragraph\">Egzaminy (dla ch\u0119tnych) &#8211; 24.06 godz. 18:00. Po egzaminach impreza integracyjna oraz ognisko.<\/p>\n\n\n\n<p class=\"wp-block-paragraph\">Wymeldowanie z\u00a0o\u015brodka &#8211; 25.06 do godz. 10:00<\/p>\n\n\n\n<p class=\"wp-block-paragraph\">Rejestracja miejsc i\u00a0zapisy:\u00a0Tomasz Zegzu\u0142a, email:\u00a0<a href=\"mailto:tomaszzegzula@gmail.com\">tomaszzegzula@gmail.com<\/a>\u00a0, tel.\u00a0692-335-077<\/p>\n","protected":false},"excerpt":{"rendered":"<p>FCF Krav-Maga Summer Camp 2023 &#8211;&nbsp;KO\u0141ATKA&nbsp;(42km od Zielonej G\u00f3ry) Termin: 21.06 &#8211; 25.06.2023 Instruktor:&nbsp; Dariusz Walu\u015b W&nbsp;planach:- zaj\u0119cia Krav-Maga , minimum dwa treningi dziennie po dwie godziny ka\u017cdy, Adres:\u00a0Kompleks Wypoczynkowy w\u00a0Ko\u0142atceKo\u0142atka 7 | 66-627 Bobrowice | woj. lubuskieNa terenie Kompleksu Wypoczynkowego w\u00a0Ko\u0142atce znajduj\u0105 si\u0119: Dodatkowo p\u0142atne atrakcje znajduj\u0105ce si\u0119 na terenie o\u015brodka: Koszt obozu:- przedp\u0142ata [&hellip;]<\/p>\n","protected":false},"author":1,"featured_media":161,"comment_status":"open","ping_status":"open","sticky":false,"template":"","format":"standard","meta":{"footnotes":""},"categories":[8],"tags":[],"class_list":["post-404","post","type-post","status-publish","format-standard","has-post-thumbnail","hentry","category-aktualnosci"],"_links":{"self":[{"href":"https:\/\/dshark.pl\/krav\/wp-json\/wp\/v2\/posts\/404","targetHints":{"allow":["GET"]}}],"collection":[{"href":"https:\/\/dshark.pl\/krav\/wp-json\/wp\/v2\/posts"}],"about":[{"href":"https:\/\/dshark.pl\/krav\/wp-json\/wp\/v2\/types\/post"}],"author":[{"embeddable":true,"href":"https:\/\/dshark.pl\/krav\/wp-json\/wp\/v2\/users\/1"}],"replies":[{"embeddable":true,"href":"https:\/\/dshark.pl\/krav\/wp-json\/wp\/v2\/comments?post=404"}],"version-history":[{"count":1,"href":"https:\/\/dshark.pl\/krav\/wp-json\/wp\/v2\/posts\/404\/revisions"}],"predecessor-version":[{"id":405,"href":"https:\/\/dshark.pl\/krav\/wp-json\/wp\/v2\/posts\/404\/revisions\/405"}],"wp:featuredmedia":[{"embeddable":true,"href":"https:\/\/dshark.pl\/krav\/wp-json\/wp\/v2\/media\/161"}],"wp:attachment":[{"href":"https:\/\/dshark.pl\/krav\/wp-json\/wp\/v2\/media?parent=404"}],"wp:term":[{"taxonomy":"category","embeddable":true,"href":"https:\/\/dshark.pl\/krav\/wp-json\/wp\/v2\/categories?post=404"},{"taxonomy":"post_tag","embeddable":true,"href":"https:\/\/dshark.pl\/krav\/wp-json\/wp\/v2\/tags?post=404"}],"curies":[{"name":"wp","href":"https:\/\/api.w.org\/{rel}","templated":true}]}}