{"id":401,"date":"2025-09-23T13:19:29","date_gmt":"2025-09-23T11:19:29","guid":{"rendered":"https:\/\/dshark.pl\/krav\/?p=401"},"modified":"2025-09-29T13:22:29","modified_gmt":"2025-09-29T11:22:29","slug":"fcf-krav-maga-summer-camp-szklarska-poreba-2024","status":"publish","type":"post","link":"https:\/\/dshark.pl\/krav\/fcf-krav-maga-summer-camp-szklarska-poreba-2024\/","title":{"rendered":"FCF KRAV MAGA SUMMER CAMP &#8211; Szklarska Por\u0119ba 2024"},"content":{"rendered":"\n<p class=\"wp-block-paragraph\"><strong>FCF Krav-Maga Summer Camp &#8211; 10.07-14.07.2024 Szklarska Por\u0119ba\u00a0Instruktor: FCF Krav Maga Expert &#8211; Dariusz Walu\u015b<\/strong><\/p>\n\n\n\n<p class=\"wp-block-paragraph\"><br>W\u00a0planach:- zaj\u0119cia Krav-Maga , dwa treningi dziennie po dwie godziny ka\u017cdy,- w\u00a0programie rozbudowany materia\u0142, w\u0142\u0105cznie z\u00a0materia\u0142em Expert,- ka\u017cdy trening w\u00a0innym miejscu, tak\u017ce wyj\u015bcie i\u00a0trening na Szrenicy,- treningi 2 razy dziennie minimum,- wyj\u015bcie na Szrenic\u0119 + zjazd<\/p>\n\n\n\n<ul class=\"wp-block-list\">\n<li>egzaminy na wy\u017csze stopnie szkoleniowe Krav-Maga,- dla wytrwa\u0142ych &#8211; dyplom uko\u0144czenia obozu,- zakwaterowanie w\u00a0pokojach 1,2,3,4 osobowych z\u00a0pe\u0142nym w\u0119z\u0142em sanitarnym, TV,- w\u00a0cenie wy\u017cywienie: \u015bniadanie + obiad + kolacja<\/li>\n\n\n\n<li>bezp\u0142atne korzystanie z\u00a0sauny w\u00a0wybranych godzinach,- o\u015brodek po\u0142o\u017cony jest 150m od centrum miasta,Koszt obozu:- wp\u0142ata przedp\u0142aty 500z\u0142 do dnia 30.04.24 &#8211; (sta\u0142y koszt obozu 1300z\u0142)<\/li>\n\n\n\n<li>wp\u0142ata do dnia 28.06.24 &#8211;\u00a01400z\u0142- wp\u0142ata po dniu 28.06.24 &#8211;\u00a01500z\u0142Miejsce obozu: Szklarska Por\u0119ba &#8211; O\u015brodek Wypoczynkowy \u201eSudety\u201d ul. Krasickiego 10<\/li>\n<\/ul>\n\n\n\n<p class=\"wp-block-paragraph\"><br>Spotkanie organizacyjne, rejestracja uczestnik\u00f3w w\u00a0dn. 10.07 (w tym dniu trening na godz. 19:00)Na uczestnik\u00f3w b\u0119dzie oczekiwa\u0142 Tomasz Zegzu\u0142a, z\u00a0kt\u00f3rym nale\u017cy skontaktowa\u0107 si\u0119 po przybyciu na miejsce, tel. 692-335-077 Rejestracja miejsc i\u00a0zapisy:\u00a0<strong>Tomasz Zegzu\u0142a<\/strong>, email: tomaszzegzula@gmail.com\u00a0, tel.\u00a0692-335-077<\/p>\n","protected":false},"excerpt":{"rendered":"<p>FCF Krav-Maga Summer Camp &#8211; 10.07-14.07.2024 Szklarska Por\u0119ba\u00a0Instruktor: FCF Krav Maga Expert &#8211; Dariusz Walu\u015b W\u00a0planach:- zaj\u0119cia Krav-Maga , dwa treningi dziennie po dwie godziny ka\u017cdy,- w\u00a0programie rozbudowany materia\u0142, w\u0142\u0105cznie z\u00a0materia\u0142em Expert,- ka\u017cdy trening w\u00a0innym miejscu, tak\u017ce wyj\u015bcie i\u00a0trening na Szrenicy,- treningi 2 razy dziennie minimum,- wyj\u015bcie na Szrenic\u0119 + zjazd Spotkanie organizacyjne, rejestracja uczestnik\u00f3w [&hellip;]<\/p>\n","protected":false},"author":1,"featured_media":402,"comment_status":"open","ping_status":"open","sticky":false,"template":"","format":"standard","meta":{"footnotes":""},"categories":[8],"tags":[],"class_list":["post-401","post","type-post","status-publish","format-standard","has-post-thumbnail","hentry","category-aktualnosci"],"_links":{"self":[{"href":"https:\/\/dshark.pl\/krav\/wp-json\/wp\/v2\/posts\/401","targetHints":{"allow":["GET"]}}],"collection":[{"href":"https:\/\/dshark.pl\/krav\/wp-json\/wp\/v2\/posts"}],"about":[{"href":"https:\/\/dshark.pl\/krav\/wp-json\/wp\/v2\/types\/post"}],"author":[{"embeddable":true,"href":"https:\/\/dshark.pl\/krav\/wp-json\/wp\/v2\/users\/1"}],"replies":[{"embeddable":true,"href":"https:\/\/dshark.pl\/krav\/wp-json\/wp\/v2\/comments?post=401"}],"version-history":[{"count":1,"href":"https:\/\/dshark.pl\/krav\/wp-json\/wp\/v2\/posts\/401\/revisions"}],"predecessor-version":[{"id":403,"href":"https:\/\/dshark.pl\/krav\/wp-json\/wp\/v2\/posts\/401\/revisions\/403"}],"wp:featuredmedia":[{"embeddable":true,"href":"https:\/\/dshark.pl\/krav\/wp-json\/wp\/v2\/media\/402"}],"wp:attachment":[{"href":"https:\/\/dshark.pl\/krav\/wp-json\/wp\/v2\/media?parent=401"}],"wp:term":[{"taxonomy":"category","embeddable":true,"href":"https:\/\/dshark.pl\/krav\/wp-json\/wp\/v2\/categories?post=401"},{"taxonomy":"post_tag","embeddable":true,"href":"https:\/\/dshark.pl\/krav\/wp-json\/wp\/v2\/tags?post=401"}],"curies":[{"name":"wp","href":"https:\/\/api.w.org\/{rel}","templated":true}]}}