{"id":128,"date":"2025-09-24T15:32:40","date_gmt":"2025-09-24T13:32:40","guid":{"rendered":"https:\/\/dshark.pl\/krav\/?p=128"},"modified":"2025-10-05T00:03:23","modified_gmt":"2025-10-04T22:03:23","slug":"fcf-krav-maga-summer-camp-szklarska-poreba-2025","status":"publish","type":"post","link":"https:\/\/dshark.pl\/krav\/fcf-krav-maga-summer-camp-szklarska-poreba-2025\/","title":{"rendered":"FCF KRAV MAGA SUMMER CAMP &#8211; Szklarska Por\u0119ba 2025"},"content":{"rendered":"\n<p class=\"wp-block-paragraph\">FCF Krav-Maga Summer Camp &#8211; 09.07-13.07.2025 Szklarska Por\u0119ba<\/p>\n\n\n\n<p class=\"wp-block-paragraph\">Instruktor: FCF Krav Maga Expert &#8211; Dariusz Walu\u015b<\/p>\n\n\n\n<p class=\"wp-block-paragraph\">W planach:- zaj\u0119cia Krav-Maga Samoobrona\/FCF , dwa treningi dziennie po dwie godziny ka\u017cdy,<br>&#8211; w&nbsp;programie rozbudowany materia\u0142, w\u0142\u0105cznie z&nbsp;materia\u0142em Expert,<\/p>\n\n\n\n<p class=\"wp-block-paragraph\">&#8211; ka\u017cdy trening w&nbsp;innym miejscu, tak\u017ce wyj\u015bcie i&nbsp;trening na Szrenicy,<\/p>\n\n\n\n<p class=\"wp-block-paragraph\">&#8211; treningi 2 razy dziennie minimum,<\/p>\n\n\n\n<p class=\"wp-block-paragraph\">&#8211; wyj\u015bcie na Szrenic\u0119 + zjazd<\/p>\n\n\n\n<p class=\"wp-block-paragraph\">&#8211; egzaminy na wy\u017csze stopnie szkoleniowe FCF Krav-Maga (egzamin dodatkowo p\u0142atny)<\/p>\n\n\n\n<p class=\"wp-block-paragraph\">&#8211; dla wytrwa\u0142ych &#8211; dyplom uko\u0144czenia obozu,<\/p>\n\n\n\n<p class=\"wp-block-paragraph\">&#8211; zakwaterowanie w&nbsp;pokojach 1,2,3,4 osobowych z&nbsp;pe\u0142nym w\u0119z\u0142em sanitarnym, TV,<\/p>\n\n\n\n<p class=\"wp-block-paragraph\">&#8211; w&nbsp;cenie wy\u017cywienie: \u015bniadanie + obiad + kolacja<\/p>\n\n\n\n<p class=\"wp-block-paragraph\">&#8211; bezp\u0142atne korzystanie z&nbsp;sauny w&nbsp;wybranych godzinach,<\/p>\n\n\n\n<p class=\"wp-block-paragraph\">&#8211; o\u015brodek po\u0142o\u017cony jest 150m od centrum miasta,<\/p>\n\n\n\n<p class=\"wp-block-paragraph\">Ze wzgl\u0119du na ograniczon\u0105 ilo\u015b\u0107 miejsc ( 30 miejsc) o&nbsp;rezerwacji decyduje kolejno\u015b\u0107 wp\u0142at.<\/p>\n\n\n\n<p class=\"wp-block-paragraph\">Koszt obozu 1450 z\u0142<\/p>\n\n\n\n<p class=\"wp-block-paragraph\">Harmonogram wp\u0142at<br>-500 z\u0142 w&nbsp;momencie zapisania si\u0119.<br>-890 z\u0142 do 31 maj<br>-400 z\u0142 do 30 czerwca<\/p>\n\n\n\n<p class=\"wp-block-paragraph\">Miejsce obozu: Szklarska Por\u0119ba &#8211; O\u015brodek Wypoczynkowy \u201eSudety\u201d ul. Krasickiego 10<br>Spotkanie organizacyjne, rejestracja uczestnik\u00f3w w&nbsp;dn. 09.07<\/p>\n\n\n\n<p class=\"wp-block-paragraph\">Na uczestnik\u00f3w b\u0119dzie oczekiwa\u0142 Tomasz Zegzu\u0142a, z&nbsp;kt\u00f3rym nale\u017cy skontaktowa\u0107 si\u0119 po przybyciu na miejsce, tel. 692-335-077<\/p>\n\n\n\n<p class=\"wp-block-paragraph\">Rejestracja miejsc i&nbsp;zapisy: Tomasz Zegzu\u0142a, email: tomaszzegzula@gmail.com , tel. 692-335-077<\/p>\n\n\n\n<p class=\"wp-block-paragraph\">Zapraszamy!<\/p>\n\n\n\n<p class=\"wp-block-paragraph\"><\/p>\n","protected":false},"excerpt":{"rendered":"<p>FCF Krav-Maga Summer Camp &#8211; 09.07-13.07.2025 Szklarska Por\u0119ba Instruktor: FCF Krav Maga Expert &#8211; Dariusz Walu\u015b W planach:- zaj\u0119cia Krav-Maga Samoobrona\/FCF , dwa treningi dziennie po dwie godziny ka\u017cdy,&#8211; w&nbsp;programie rozbudowany materia\u0142, w\u0142\u0105cznie z&nbsp;materia\u0142em Expert, &#8211; ka\u017cdy trening w&nbsp;innym miejscu, tak\u017ce wyj\u015bcie i&nbsp;trening na Szrenicy, &#8211; treningi 2 razy dziennie minimum, &#8211; wyj\u015bcie na Szrenic\u0119 [&hellip;]<\/p>\n","protected":false},"author":1,"featured_media":26,"comment_status":"open","ping_status":"open","sticky":false,"template":"","format":"standard","meta":{"footnotes":""},"categories":[8],"tags":[],"class_list":["post-128","post","type-post","status-publish","format-standard","has-post-thumbnail","hentry","category-aktualnosci"],"_links":{"self":[{"href":"https:\/\/dshark.pl\/krav\/wp-json\/wp\/v2\/posts\/128","targetHints":{"allow":["GET"]}}],"collection":[{"href":"https:\/\/dshark.pl\/krav\/wp-json\/wp\/v2\/posts"}],"about":[{"href":"https:\/\/dshark.pl\/krav\/wp-json\/wp\/v2\/types\/post"}],"author":[{"embeddable":true,"href":"https:\/\/dshark.pl\/krav\/wp-json\/wp\/v2\/users\/1"}],"replies":[{"embeddable":true,"href":"https:\/\/dshark.pl\/krav\/wp-json\/wp\/v2\/comments?post=128"}],"version-history":[{"count":2,"href":"https:\/\/dshark.pl\/krav\/wp-json\/wp\/v2\/posts\/128\/revisions"}],"predecessor-version":[{"id":515,"href":"https:\/\/dshark.pl\/krav\/wp-json\/wp\/v2\/posts\/128\/revisions\/515"}],"wp:featuredmedia":[{"embeddable":true,"href":"https:\/\/dshark.pl\/krav\/wp-json\/wp\/v2\/media\/26"}],"wp:attachment":[{"href":"https:\/\/dshark.pl\/krav\/wp-json\/wp\/v2\/media?parent=128"}],"wp:term":[{"taxonomy":"category","embeddable":true,"href":"https:\/\/dshark.pl\/krav\/wp-json\/wp\/v2\/categories?post=128"},{"taxonomy":"post_tag","embeddable":true,"href":"https:\/\/dshark.pl\/krav\/wp-json\/wp\/v2\/tags?post=128"}],"curies":[{"name":"wp","href":"https:\/\/api.w.org\/{rel}","templated":true}]}}