{"id":1079,"date":"2026-07-01T22:01:05","date_gmt":"2026-07-01T20:01:05","guid":{"rendered":"https:\/\/dshark.pl\/krav\/?p=1079"},"modified":"2026-07-01T22:01:05","modified_gmt":"2026-07-01T20:01:05","slug":"fcf-krav-maga-summer-camp-szklarska-poreba-2026","status":"publish","type":"post","link":"https:\/\/dshark.pl\/krav\/fcf-krav-maga-summer-camp-szklarska-poreba-2026\/","title":{"rendered":"FCF KRAV MAGA SUMMER CAMP &#8211; Szklarska Por\u0119ba 2026"},"content":{"rendered":"\n<p class=\"wp-block-paragraph\">Zapraszamy na&nbsp;<strong>intensywny letni ob\u00f3z FCF Krav-Maga<\/strong>, kt\u00f3ry odb\u0119dzie si\u0119 w&nbsp;sercu Karkonoszy. To wyj\u0105tkowa okazja, aby trenowa\u0107&nbsp;<strong>FCF&nbsp;<\/strong><strong>Krav-Maga<\/strong>&nbsp;w zmiennym terenie, poszerzy\u0107 swoje umiej\u0119tno\u015bci \u2013 a\u017c po&nbsp;<strong>materia\u0142 Expert<\/strong>&nbsp;\u2013 oraz sprawdzi\u0107 si\u0119 fizycznie i&nbsp;mentalnie.<\/p>\n\n\n\n<h3 class=\"wp-block-heading\">Instruktor<\/h3>\n\n\n\n<p class=\"wp-block-paragraph\"><strong>FCF Krav Maga Expert \u2013 Dariusz Walu\u015b<\/strong><\/p>\n\n\n\n<hr class=\"wp-block-separator has-alpha-channel-opacity\"\/>\n\n\n\n<h3 class=\"wp-block-heading\">Program obozu<\/h3>\n\n\n\n<ul class=\"wp-block-list\">\n<li><strong>Minimum 2 treningi dziennie<\/strong>, ka\u017cdy po\u00a0<strong>2 godziny<\/strong><\/li>\n\n\n\n<li>Treningi w\u00a0<strong>r\u00f3\u017cnych lokalizacjach<\/strong>\u00a0(teren, miasto, natura)<\/li>\n\n\n\n<li><strong>Wyj\u015bcie i\u00a0trening na Szrenicy + zjazd<\/strong><\/li>\n\n\n\n<li>Rozbudowany program szkoleniowy (r\u00f3wnie\u017c\u00a0<strong>materia\u0142 Expert<\/strong>)<\/li>\n\n\n\n<li><strong>Egzaminy na wy\u017csze stopnie FCF Krav-Maga<\/strong>\u00a0<em>(egzamin dodatkowo p\u0142atny)<\/em><\/li>\n\n\n\n<li><strong>Dyplom uko\u0144czenia obozu<\/strong>\u00a0dla najbardziej wytrwa\u0142ych\u00a0?<\/li>\n<\/ul>\n\n\n\n<hr class=\"wp-block-separator has-alpha-channel-opacity\"\/>\n\n\n\n<h3 class=\"wp-block-heading\">Zakwaterowanie i\u00a0wy\u017cywienie<\/h3>\n\n\n\n<p class=\"wp-block-paragraph\">Miejsce: O\u015brodek Wypoczynkowy Sudety<br>ul. Krasickiego 10<\/p>\n\n\n\n<ul class=\"wp-block-list\">\n<li>Pokoje\u00a0<strong>1\u20134 osobowe<\/strong>\u00a0z pe\u0142nym w\u0119z\u0142em sanitarnym i\u00a0TV<\/li>\n\n\n\n<li><strong>Pe\u0142ne wy\u017cywienie<\/strong>: \u015bniadanie, obiad, kolacja<\/li>\n\n\n\n<li><strong>Bezp\u0142atna sauna<\/strong>\u00a0w wybranych godzinach<\/li>\n\n\n\n<li>O\u015brodek po\u0142o\u017cony\u00a0<strong>150 m od centrum miasta<\/strong><\/li>\n<\/ul>\n\n\n\n<hr class=\"wp-block-separator has-alpha-channel-opacity\"\/>\n\n\n\n<h3 class=\"wp-block-heading\">Koszt obozu<\/h3>\n\n\n\n<ul class=\"wp-block-list\">\n<li><strong>1550 z\u0142\u00a0<\/strong>przy wp\u0142acie zaliczki 500 z\u0142 do 31.03.2026<\/li>\n\n\n\n<li><strong>1750 z\u0142\u00a0<\/strong>przy wp\u0142acie 01.04 &#8211; 31.05.2026<\/li>\n\n\n\n<li><strong>1950 z\u0142\u00a0<\/strong>przy wp\u0142acie po 31.05.2026<\/li>\n<\/ul>\n\n\n\n<p class=\"wp-block-paragraph\"><strong>Harmonogram wp\u0142at:<\/strong><\/p>\n\n\n\n<ul class=\"wp-block-list\">\n<li>500 z\u0142 \u2013 w\u00a0momencie zapisania si\u0119 do 31.03.2026 (gwarantowana cena obozu 1550)<\/li>\n\n\n\n<li>500 z\u0142 \u2013 do\u00a0<strong>31 maja 2026<\/strong><\/li>\n\n\n\n<li>550 z\u0142 \u2013 do\u00a0<strong>30 czerwca 2026<\/strong><\/li>\n<\/ul>\n\n\n\n<p class=\"wp-block-paragraph\">\u26a0\ufe0f&nbsp;<strong>Liczba miejsc ograniczona: tylko 30 os\u00f3b!<\/strong><br>O&nbsp;udziale decyduje&nbsp;<strong>kolejno\u015b\u0107 wp\u0142at<\/strong>.<\/p>\n\n\n\n<hr class=\"wp-block-separator has-alpha-channel-opacity\"\/>\n\n\n\n<h3 class=\"wp-block-heading\">Organizacja<\/h3>\n\n\n\n<ul class=\"wp-block-list\">\n<li><strong>Spotkanie organizacyjne i\u00a0rejestracja uczestnik\u00f3w:<\/strong>\u00a008.07.2026<\/li>\n\n\n\n<li>Na miejscu b\u0119dzie czeka\u0142:<br><strong>Tomasz Zegzu\u0142a<\/strong>\u00a0\u2013 tel.\u00a0<strong>692 335 077<\/strong><br>(prosimy o\u00a0kontakt po przybyciu)<\/li>\n<\/ul>\n\n\n\n<hr class=\"wp-block-separator has-alpha-channel-opacity\"\/>\n\n\n\n<h3 class=\"wp-block-heading\">Zapisy i\u00a0rezerwacja miejsc<\/h3>\n\n\n\n<p class=\"wp-block-paragraph\"><strong>Tomasz Zegzu\u0142a<\/strong><br>692 335 077<br><a>tomaszzegzula@gmail.com<\/a><\/p>\n\n\n\n<p class=\"wp-block-paragraph\"><strong>Nie zwlekaj \u2013 do\u0142\u0105cz do letniego obozu FCF Krav-Maga i\u00a0trenuj tam, gdzie inni odpoczywaj\u0105!<\/strong><\/p>\n","protected":false},"excerpt":{"rendered":"<p>Zapraszamy na&nbsp;intensywny letni ob\u00f3z FCF Krav-Maga, kt\u00f3ry odb\u0119dzie si\u0119 w&nbsp;sercu Karkonoszy. To wyj\u0105tkowa okazja, aby trenowa\u0107&nbsp;FCF&nbsp;Krav-Maga&nbsp;w zmiennym terenie, poszerzy\u0107 swoje umiej\u0119tno\u015bci \u2013 a\u017c po&nbsp;materia\u0142 Expert&nbsp;\u2013 oraz sprawdzi\u0107 si\u0119 fizycznie i&nbsp;mentalnie. Instruktor FCF Krav Maga Expert \u2013 Dariusz Walu\u015b Program obozu Zakwaterowanie i\u00a0wy\u017cywienie Miejsce: O\u015brodek Wypoczynkowy Sudetyul. Krasickiego 10 Koszt obozu Harmonogram wp\u0142at: \u26a0\ufe0f&nbsp;Liczba miejsc ograniczona: [&hellip;]<\/p>\n","protected":false},"author":1,"featured_media":412,"comment_status":"open","ping_status":"open","sticky":false,"template":"","format":"standard","meta":{"footnotes":""},"categories":[8],"tags":[],"class_list":["post-1079","post","type-post","status-publish","format-standard","has-post-thumbnail","hentry","category-aktualnosci"],"_links":{"self":[{"href":"https:\/\/dshark.pl\/krav\/wp-json\/wp\/v2\/posts\/1079","targetHints":{"allow":["GET"]}}],"collection":[{"href":"https:\/\/dshark.pl\/krav\/wp-json\/wp\/v2\/posts"}],"about":[{"href":"https:\/\/dshark.pl\/krav\/wp-json\/wp\/v2\/types\/post"}],"author":[{"embeddable":true,"href":"https:\/\/dshark.pl\/krav\/wp-json\/wp\/v2\/users\/1"}],"replies":[{"embeddable":true,"href":"https:\/\/dshark.pl\/krav\/wp-json\/wp\/v2\/comments?post=1079"}],"version-history":[{"count":1,"href":"https:\/\/dshark.pl\/krav\/wp-json\/wp\/v2\/posts\/1079\/revisions"}],"predecessor-version":[{"id":1080,"href":"https:\/\/dshark.pl\/krav\/wp-json\/wp\/v2\/posts\/1079\/revisions\/1080"}],"wp:featuredmedia":[{"embeddable":true,"href":"https:\/\/dshark.pl\/krav\/wp-json\/wp\/v2\/media\/412"}],"wp:attachment":[{"href":"https:\/\/dshark.pl\/krav\/wp-json\/wp\/v2\/media?parent=1079"}],"wp:term":[{"taxonomy":"category","embeddable":true,"href":"https:\/\/dshark.pl\/krav\/wp-json\/wp\/v2\/categories?post=1079"},{"taxonomy":"post_tag","embeddable":true,"href":"https:\/\/dshark.pl\/krav\/wp-json\/wp\/v2\/tags?post=1079"}],"curies":[{"name":"wp","href":"https:\/\/api.w.org\/{rel}","templated":true}]}}